{"id":3364,"date":"2020-09-24T14:13:10","date_gmt":"2020-09-24T14:13:10","guid":{"rendered":"https:\/\/www.casacalcalot.cat\/?p=3364"},"modified":"2020-09-24T14:14:48","modified_gmt":"2020-09-24T14:14:48","slug":"el-reencuentro-en-la-casa-rural","status":"publish","type":"post","link":"https:\/\/www.casacalcalot.cat\/es\/el-reencuentro-en-la-casa-rural\/","title":{"rendered":"El reencuentro, en la casa rural."},"content":{"rendered":"<p style=\"text-align: center;\"><em>Ha sido un verano de reencuentros en nuestra casa rural. <\/em><\/p>\n<p style=\"text-align: center;\"><em>Juntos otra vez en Cal Calot.<\/em><\/p>\n<p>&nbsp;<\/p>\n<p><strong><u>Saludos<\/u><\/strong><\/p>\n<p>\u00a1Saludos! \u00bfCre\u00edais que hab\u00edamos desaparecido? No, nada de eso, lo que pasa es que, con el caos que estamos viviendo, las palabras nos hab\u00edan quedado confinadas. Me negaba a escribir pensando en la pandemia, y no quer\u00eda mencionarla, pero definitivamente, tiro la toalla. Es imposible vivir hoy y no hablar de ella, aunque sea muy poquito.<\/p>\n<p>Deseamos de todo coraz\u00f3n, que vosotros y vuestras personas queridas goc\u00e9is de salud, teng\u00e1is trabajo y sobre todo, muchos \u00e1nimos. Que todos sabemos, que hay d\u00edas, realmente duros en que todo se ve de color negro, pero saldremos de esta. Juntos superaremos este bache. \u00a1\u00c1nimos y miedos fuera!<\/p>\n<p>Nosotros, como todo el mundo hemos hecho caso de las recomendaciones sanitarias, tanto para nuestro bienestar, como para el de toda la poblaci\u00f3n. Y a pesar de haber tenido la casa rural cerrada al p\u00fablico, durante cuatro largu\u00edsimos meses, siempre hemos estado trabajando en ella y en julio, de nuevo, volvimos a tener grupos alojados.<\/p>\n<p>&nbsp;<\/p>\n<h6 style=\"text-align: center;\"><a href=\"https:\/\/www.casacalcalot.cat\/wp-content\/uploads\/2020\/09\/llencols-4.jpg\"><img loading=\"lazy\" decoding=\"async\" class=\"alignnone size-medium wp-image-3354 aligncenter\" src=\"https:\/\/www.casacalcalot.cat\/wp-content\/uploads\/2020\/09\/llencols-4-300x169.jpg\" alt=\"\" width=\"300\" height=\"169\" srcset=\"https:\/\/www.casacalcalot.cat\/wp-content\/uploads\/2020\/09\/llencols-4-300x169.jpg 300w, https:\/\/www.casacalcalot.cat\/wp-content\/uploads\/2020\/09\/llencols-4-1030x579.jpg 1030w, https:\/\/www.casacalcalot.cat\/wp-content\/uploads\/2020\/09\/llencols-4-768x432.jpg 768w, https:\/\/www.casacalcalot.cat\/wp-content\/uploads\/2020\/09\/llencols-4-1536x864.jpg 1536w, https:\/\/www.casacalcalot.cat\/wp-content\/uploads\/2020\/09\/llencols-4-1500x844.jpg 1500w, https:\/\/www.casacalcalot.cat\/wp-content\/uploads\/2020\/09\/llencols-4-705x397.jpg 705w, https:\/\/www.casacalcalot.cat\/wp-content\/uploads\/2020\/09\/llencols-4-450x253.jpg 450w, https:\/\/www.casacalcalot.cat\/wp-content\/uploads\/2020\/09\/llencols-4.jpg 1920w\" sizes=\"auto, (max-width: 300px) 100vw, 300px\" \/><\/a><em>Seguimos los protocolos de limpieza y desinfecci\u00f3n para ofreceros una estancia segura.<\/em><\/h6>\n<p>&nbsp;<\/p>\n<p>En estas ocasiones, m\u00e1s que nunca, los grupos han sido familias, de todas formas tambi\u00e9n ha habido grupos de amistades. Todos con ganas de reencontrarse, de pasarlo bien y zambullirse en la naturaleza. Y para nosotros, volver a ver la casa rural con vida, es excepcional, sobre todo cuando vemos lo felices que sois en ella, y cuando nos dedicamos mutuamente, un ratito para charlar, escucharnos, conocernos, explicarnos la vida y al fin y al cabo, aprender de unos y otros, y llevarnos un pedacito de vosotros con vuestras palabras.<\/p>\n<p>&nbsp;<\/p>\n<p><strong><u>Nos acordamos de vosotros.<\/u><\/strong><\/p>\n<p>Hoy me apetece recordar el paso de estos grupos por Cal Calot, os hablar\u00e9 de algunos de ellos.<\/p>\n<p>Uno de los grupos, precisamente el que realizo la primera reserva post-confinamento, eran una familia de pueblo costero. Los dos hermanos de la familia, viendo las ovejas en el campo, se acordaban de cuando eran j\u00f3venes y ten\u00edan gallinas en casa. En la mirada se les ve\u00eda el entusiasmo que les tra\u00edan esos recuerdos. Josep, quien se encarg\u00f3 de hacer la reserva, tuvo la genial idea de hacer una bonita sorpresa a toda la familia. Esta sorpresa consisti\u00f3 en una sesi\u00f3n fotogr\u00e1fica de todos ellos. A media tarde, aparecieron un par de fot\u00f3grafos y se encargaron de capturar la alegr\u00eda de haberse reunido de nuevo toda la familia, entre robles, panor\u00e1micas del valle\u2026.\u00a1 que gran idea!<\/p>\n<p>Otra de las familias que se alojo, quer\u00eda hacer una sorpresa de cumplea\u00f1os a la madre de la chica que se puso en contacto conmigo. El viernes, llegaron el matrimonio y ella, y mientras les ense\u00f1aba la casa, la madre quedaba alucinada de c\u00f3mo era de grande, pues ella cre\u00eda que s\u00f3lo se alojar\u00edan ellos all\u00ed. El caso, es que casi meto la pata y me cargo la sorpresa pero recapacite a tiempo, no dije ni una palabra, y con un cruce de miradas con la hija, nos entendimos \u2013 tsh\u2026.no digas nada por favor-. Al final, tuvo una sorpresa de verdad, tal como estaba previsto.<\/p>\n<p>&nbsp;<\/p>\n<h6 style=\"text-align: center;\"><a href=\"https:\/\/www.casacalcalot.cat\/wp-content\/uploads\/2020\/09\/taula-copes.jpg\"><img loading=\"lazy\" decoding=\"async\" class=\"alignnone size-medium wp-image-3336 aligncenter\" src=\"https:\/\/www.casacalcalot.cat\/wp-content\/uploads\/2020\/09\/taula-copes-300x169.jpg\" alt=\"\" width=\"300\" height=\"169\" srcset=\"https:\/\/www.casacalcalot.cat\/wp-content\/uploads\/2020\/09\/taula-copes-300x169.jpg 300w, https:\/\/www.casacalcalot.cat\/wp-content\/uploads\/2020\/09\/taula-copes-1030x579.jpg 1030w, https:\/\/www.casacalcalot.cat\/wp-content\/uploads\/2020\/09\/taula-copes-768x432.jpg 768w, https:\/\/www.casacalcalot.cat\/wp-content\/uploads\/2020\/09\/taula-copes-1536x864.jpg 1536w, https:\/\/www.casacalcalot.cat\/wp-content\/uploads\/2020\/09\/taula-copes-1500x844.jpg 1500w, https:\/\/www.casacalcalot.cat\/wp-content\/uploads\/2020\/09\/taula-copes-705x397.jpg 705w, https:\/\/www.casacalcalot.cat\/wp-content\/uploads\/2020\/09\/taula-copes-450x253.jpg 450w, https:\/\/www.casacalcalot.cat\/wp-content\/uploads\/2020\/09\/taula-copes.jpg 1920w\" sizes=\"auto, (max-width: 300px) 100vw, 300px\" \/><\/a><em>La mesa arreglada para una celebraci\u00f3n.<\/em><\/h6>\n<p>El \u00faltimo grupo del que voy a hablaros.\u00a0<em>raci\u00f3n.<\/em>Estaba formado por parejas de gente mayor. Todos amigos. \u00a1Ten\u00edan mucha marcha! Era envidiable las ganas de pasarlo bien que llevaban, pues en una ocasi\u00f3n en que tuve de acercarme a la casa,\u00a0 sent\u00eda las risas locas de las se\u00f1oras jugando al futbol\u00edn, lo estaban pasando en grande. Y el \u00faltimo d\u00eda de su estancia cuando fui a despedirme, estaban todos sentados en la larga mesa del comedor jugando a cartas. El sector izquierdo estaba ocupado por las se\u00f1oras y el sector derecho por los se\u00f1ores. Todos y todas aficionados con su partida de cartas. Qu\u00e9 ratos m\u00e1s chulos que pasaron en la casa rural. Y el se\u00f1or Ram\u00f3n, me explico que cuando viv\u00eda a Huelva con sus padres y hermanos, tambi\u00e9n ten\u00edan un reba\u00f1o de ovejas. De echo, me dijo que cont\u00e1ramos con el si necesit\u00e1bamos un pastor. Lo tendremos en cuenta.<\/p>\n<p>&nbsp;<\/p>\n<p><strong><u>Cada grupo, un mont\u00f3n de experiencias.<\/u><\/strong><\/p>\n<p>En fin, ya veis que cada grupo de hu\u00e9spedes sois un mont\u00f3n de vida y experiencias de las que aprender.\u00a0 Poder intercambiar unas palabras con vosotros, responder vuestras preguntas y ofrecer un rato de tertulia, pienso que tambi\u00e9n forma parte de todo lo que envuelve el \u201cturismo rural\u201d. Y nos gustan mucho estos ratos. Porque aprendemos tambi\u00e9n de vosotros y nos dedicamos un rato a reflexionar sobre los caprichos de la vida.<\/p>\n<p>&nbsp;<\/p>\n<p><a href=\"https:\/\/www.casacalcalot.cat\/wp-content\/uploads\/2020\/09\/gracies-cast-1.png\"><img loading=\"lazy\" decoding=\"async\" class=\"alignnone size-medium wp-image-3348 aligncenter\" src=\"https:\/\/www.casacalcalot.cat\/wp-content\/uploads\/2020\/09\/gracies-cast-1-300x292.png\" alt=\"\" width=\"300\" height=\"292\" srcset=\"https:\/\/www.casacalcalot.cat\/wp-content\/uploads\/2020\/09\/gracies-cast-1-300x292.png 300w, https:\/\/www.casacalcalot.cat\/wp-content\/uploads\/2020\/09\/gracies-cast-1-1030x1002.png 1030w, https:\/\/www.casacalcalot.cat\/wp-content\/uploads\/2020\/09\/gracies-cast-1-768x747.png 768w, https:\/\/www.casacalcalot.cat\/wp-content\/uploads\/2020\/09\/gracies-cast-1-36x36.png 36w, https:\/\/www.casacalcalot.cat\/wp-content\/uploads\/2020\/09\/gracies-cast-1-705x686.png 705w, https:\/\/www.casacalcalot.cat\/wp-content\/uploads\/2020\/09\/gracies-cast-1-450x438.png 450w, https:\/\/www.casacalcalot.cat\/wp-content\/uploads\/2020\/09\/gracies-cast-1.png 1435w\" sizes=\"auto, (max-width: 300px) 100vw, 300px\" \/><\/a><\/p>\n<h6 style=\"text-align: center;\"><em>Es genial que la vida haya vuelto a Cal Calot.<\/em><\/h6>\n<p>&nbsp;<\/p>\n<p>Cruzamos los dedos, para que los pr\u00f3ximos caprichos de la vida, sean para todos m\u00e1s favorables de lo que son actualmente. Cuidaros mucho y, \u00a1\u00e1nimos!<\/p>\n<p>&nbsp;<\/p>\n","protected":false},"excerpt":{"rendered":"<p>Ha sido un verano de reencuentros en nuestra casa rural. Juntos otra vez en Cal Calot. &nbsp; Saludos \u00a1Saludos! \u00bfCre\u00edais que hab\u00edamos desaparecido? No, nada de eso, lo que pasa es que, con el caos que estamos viviendo, las palabras nos hab\u00edan quedado confinadas. Me negaba a escribir pensando en la pandemia, y no quer\u00eda [&hellip;]<\/p>\n","protected":false},"author":4,"featured_media":3340,"comment_status":"closed","ping_status":"open","sticky":false,"template":"","format":"standard","meta":{"footnotes":""},"categories":[9],"tags":[],"class_list":["post-3364","post","type-post","status-publish","format-standard","has-post-thumbnail","hentry","category-sin-categorizar"],"yoast_head":"<!-- This site is optimized with the Yoast SEO plugin v27.5 - https:\/\/yoast.com\/product\/yoast-seo-wordpress\/ -->\n<title>El reencuentro, en la casa rural. - Casa Cal Calot<\/title>\n<meta name=\"robots\" content=\"index, follow, max-snippet:-1, max-image-preview:large, max-video-preview:-1\" \/>\n<link rel=\"canonical\" href=\"https:\/\/www.casacalcalot.cat\/es\/el-reencuentro-en-la-casa-rural\/\" \/>\n<meta property=\"og:locale\" content=\"es_ES\" \/>\n<meta property=\"og:type\" content=\"article\" \/>\n<meta property=\"og:title\" content=\"El reencuentro, en la casa rural. - Casa Cal Calot\" \/>\n<meta property=\"og:description\" content=\"Ha sido un verano de reencuentros en nuestra casa rural. Juntos otra vez en Cal Calot. &nbsp; Saludos \u00a1Saludos! \u00bfCre\u00edais que hab\u00edamos desaparecido? No, nada de eso, lo que pasa es que, con el caos que estamos viviendo, las palabras nos hab\u00edan quedado confinadas. Me negaba a escribir pensando en la pandemia, y no quer\u00eda [&hellip;]\" \/>\n<meta property=\"og:url\" content=\"https:\/\/www.casacalcalot.cat\/es\/el-reencuentro-en-la-casa-rural\/\" \/>\n<meta property=\"og:site_name\" content=\"Casa Cal Calot\" \/>\n<meta property=\"article:published_time\" content=\"2020-09-24T14:13:10+00:00\" \/>\n<meta property=\"article:modified_time\" content=\"2020-09-24T14:14:48+00:00\" \/>\n<meta property=\"og:image\" content=\"https:\/\/www.casacalcalot.cat\/wp-content\/uploads\/2020\/09\/taula-parada.jpg\" \/>\n\t<meta property=\"og:image:width\" content=\"1920\" \/>\n\t<meta property=\"og:image:height\" content=\"1080\" \/>\n\t<meta property=\"og:image:type\" content=\"image\/jpeg\" \/>\n<meta name=\"author\" content=\"gestor\" \/>\n<meta name=\"twitter:card\" content=\"summary_large_image\" \/>\n<meta name=\"twitter:label1\" content=\"Escrito por\" \/>\n\t<meta name=\"twitter:data1\" content=\"gestor\" \/>\n\t<meta name=\"twitter:label2\" content=\"Tiempo de lectura\" \/>\n\t<meta name=\"twitter:data2\" content=\"4 minutos\" \/>\n<script type=\"application\/ld+json\" class=\"yoast-schema-graph\">{\"@context\":\"https:\\\/\\\/schema.org\",\"@graph\":[{\"@type\":\"Article\",\"@id\":\"https:\\\/\\\/www.casacalcalot.cat\\\/es\\\/el-reencuentro-en-la-casa-rural\\\/#article\",\"isPartOf\":{\"@id\":\"https:\\\/\\\/www.casacalcalot.cat\\\/es\\\/el-reencuentro-en-la-casa-rural\\\/\"},\"author\":{\"name\":\"gestor\",\"@id\":\"https:\\\/\\\/www.casacalcalot.cat\\\/#\\\/schema\\\/person\\\/a02fc4c795072c1ea1a1f7a7ac96e901\"},\"headline\":\"El reencuentro, en la casa rural.\",\"datePublished\":\"2020-09-24T14:13:10+00:00\",\"dateModified\":\"2020-09-24T14:14:48+00:00\",\"mainEntityOfPage\":{\"@id\":\"https:\\\/\\\/www.casacalcalot.cat\\\/es\\\/el-reencuentro-en-la-casa-rural\\\/\"},\"wordCount\":864,\"image\":{\"@id\":\"https:\\\/\\\/www.casacalcalot.cat\\\/es\\\/el-reencuentro-en-la-casa-rural\\\/#primaryimage\"},\"thumbnailUrl\":\"https:\\\/\\\/www.casacalcalot.cat\\\/wp-content\\\/uploads\\\/2020\\\/09\\\/taula-parada.jpg\",\"articleSection\":[\"Sin categorizar\"],\"inLanguage\":\"es\"},{\"@type\":\"WebPage\",\"@id\":\"https:\\\/\\\/www.casacalcalot.cat\\\/es\\\/el-reencuentro-en-la-casa-rural\\\/\",\"url\":\"https:\\\/\\\/www.casacalcalot.cat\\\/es\\\/el-reencuentro-en-la-casa-rural\\\/\",\"name\":\"El reencuentro, en la casa rural. - Casa Cal Calot\",\"isPartOf\":{\"@id\":\"https:\\\/\\\/www.casacalcalot.cat\\\/#website\"},\"primaryImageOfPage\":{\"@id\":\"https:\\\/\\\/www.casacalcalot.cat\\\/es\\\/el-reencuentro-en-la-casa-rural\\\/#primaryimage\"},\"image\":{\"@id\":\"https:\\\/\\\/www.casacalcalot.cat\\\/es\\\/el-reencuentro-en-la-casa-rural\\\/#primaryimage\"},\"thumbnailUrl\":\"https:\\\/\\\/www.casacalcalot.cat\\\/wp-content\\\/uploads\\\/2020\\\/09\\\/taula-parada.jpg\",\"datePublished\":\"2020-09-24T14:13:10+00:00\",\"dateModified\":\"2020-09-24T14:14:48+00:00\",\"author\":{\"@id\":\"https:\\\/\\\/www.casacalcalot.cat\\\/#\\\/schema\\\/person\\\/a02fc4c795072c1ea1a1f7a7ac96e901\"},\"breadcrumb\":{\"@id\":\"https:\\\/\\\/www.casacalcalot.cat\\\/es\\\/el-reencuentro-en-la-casa-rural\\\/#breadcrumb\"},\"inLanguage\":\"es\",\"potentialAction\":[{\"@type\":\"ReadAction\",\"target\":[\"https:\\\/\\\/www.casacalcalot.cat\\\/es\\\/el-reencuentro-en-la-casa-rural\\\/\"]}]},{\"@type\":\"ImageObject\",\"inLanguage\":\"es\",\"@id\":\"https:\\\/\\\/www.casacalcalot.cat\\\/es\\\/el-reencuentro-en-la-casa-rural\\\/#primaryimage\",\"url\":\"https:\\\/\\\/www.casacalcalot.cat\\\/wp-content\\\/uploads\\\/2020\\\/09\\\/taula-parada.jpg\",\"contentUrl\":\"https:\\\/\\\/www.casacalcalot.cat\\\/wp-content\\\/uploads\\\/2020\\\/09\\\/taula-parada.jpg\",\"width\":1920,\"height\":1080},{\"@type\":\"BreadcrumbList\",\"@id\":\"https:\\\/\\\/www.casacalcalot.cat\\\/es\\\/el-reencuentro-en-la-casa-rural\\\/#breadcrumb\",\"itemListElement\":[{\"@type\":\"ListItem\",\"position\":1,\"name\":\"Inici\",\"item\":\"https:\\\/\\\/www.casacalcalot.cat\\\/es\\\/inicio\\\/\"},{\"@type\":\"ListItem\",\"position\":2,\"name\":\"El reencuentro, en la casa rural.\"}]},{\"@type\":\"WebSite\",\"@id\":\"https:\\\/\\\/www.casacalcalot.cat\\\/#website\",\"url\":\"https:\\\/\\\/www.casacalcalot.cat\\\/\",\"name\":\"Casa Cal Calot\",\"description\":\"Casa de turisme rural a Casserres (Bergued\u00e0)\",\"potentialAction\":[{\"@type\":\"SearchAction\",\"target\":{\"@type\":\"EntryPoint\",\"urlTemplate\":\"https:\\\/\\\/www.casacalcalot.cat\\\/?s={search_term_string}\"},\"query-input\":{\"@type\":\"PropertyValueSpecification\",\"valueRequired\":true,\"valueName\":\"search_term_string\"}}],\"inLanguage\":\"es\"},{\"@type\":\"Person\",\"@id\":\"https:\\\/\\\/www.casacalcalot.cat\\\/#\\\/schema\\\/person\\\/a02fc4c795072c1ea1a1f7a7ac96e901\",\"name\":\"gestor\",\"image\":{\"@type\":\"ImageObject\",\"inLanguage\":\"es\",\"@id\":\"https:\\\/\\\/secure.gravatar.com\\\/avatar\\\/1bd3a6f44840c7f2534b4e51b7004edaf1098aef7b2bd20981712e3e8ae6eaf0?s=96&d=mm&r=g\",\"url\":\"https:\\\/\\\/secure.gravatar.com\\\/avatar\\\/1bd3a6f44840c7f2534b4e51b7004edaf1098aef7b2bd20981712e3e8ae6eaf0?s=96&d=mm&r=g\",\"contentUrl\":\"https:\\\/\\\/secure.gravatar.com\\\/avatar\\\/1bd3a6f44840c7f2534b4e51b7004edaf1098aef7b2bd20981712e3e8ae6eaf0?s=96&d=mm&r=g\",\"caption\":\"gestor\"},\"url\":\"https:\\\/\\\/www.casacalcalot.cat\\\/es\\\/author\\\/gestor\\\/\"}]}<\/script>\n<!-- \/ Yoast SEO plugin. -->","yoast_head_json":{"title":"El reencuentro, en la casa rural. - Casa Cal Calot","robots":{"index":"index","follow":"follow","max-snippet":"max-snippet:-1","max-image-preview":"max-image-preview:large","max-video-preview":"max-video-preview:-1"},"canonical":"https:\/\/www.casacalcalot.cat\/es\/el-reencuentro-en-la-casa-rural\/","og_locale":"es_ES","og_type":"article","og_title":"El reencuentro, en la casa rural. - Casa Cal Calot","og_description":"Ha sido un verano de reencuentros en nuestra casa rural. Juntos otra vez en Cal Calot. &nbsp; Saludos \u00a1Saludos! \u00bfCre\u00edais que hab\u00edamos desaparecido? No, nada de eso, lo que pasa es que, con el caos que estamos viviendo, las palabras nos hab\u00edan quedado confinadas. Me negaba a escribir pensando en la pandemia, y no quer\u00eda [&hellip;]","og_url":"https:\/\/www.casacalcalot.cat\/es\/el-reencuentro-en-la-casa-rural\/","og_site_name":"Casa Cal Calot","article_published_time":"2020-09-24T14:13:10+00:00","article_modified_time":"2020-09-24T14:14:48+00:00","og_image":[{"width":1920,"height":1080,"url":"https:\/\/www.casacalcalot.cat\/wp-content\/uploads\/2020\/09\/taula-parada.jpg","type":"image\/jpeg"}],"author":"gestor","twitter_card":"summary_large_image","twitter_misc":{"Escrito por":"gestor","Tiempo de lectura":"4 minutos"},"schema":{"@context":"https:\/\/schema.org","@graph":[{"@type":"Article","@id":"https:\/\/www.casacalcalot.cat\/es\/el-reencuentro-en-la-casa-rural\/#article","isPartOf":{"@id":"https:\/\/www.casacalcalot.cat\/es\/el-reencuentro-en-la-casa-rural\/"},"author":{"name":"gestor","@id":"https:\/\/www.casacalcalot.cat\/#\/schema\/person\/a02fc4c795072c1ea1a1f7a7ac96e901"},"headline":"El reencuentro, en la casa rural.","datePublished":"2020-09-24T14:13:10+00:00","dateModified":"2020-09-24T14:14:48+00:00","mainEntityOfPage":{"@id":"https:\/\/www.casacalcalot.cat\/es\/el-reencuentro-en-la-casa-rural\/"},"wordCount":864,"image":{"@id":"https:\/\/www.casacalcalot.cat\/es\/el-reencuentro-en-la-casa-rural\/#primaryimage"},"thumbnailUrl":"https:\/\/www.casacalcalot.cat\/wp-content\/uploads\/2020\/09\/taula-parada.jpg","articleSection":["Sin categorizar"],"inLanguage":"es"},{"@type":"WebPage","@id":"https:\/\/www.casacalcalot.cat\/es\/el-reencuentro-en-la-casa-rural\/","url":"https:\/\/www.casacalcalot.cat\/es\/el-reencuentro-en-la-casa-rural\/","name":"El reencuentro, en la casa rural. - Casa Cal Calot","isPartOf":{"@id":"https:\/\/www.casacalcalot.cat\/#website"},"primaryImageOfPage":{"@id":"https:\/\/www.casacalcalot.cat\/es\/el-reencuentro-en-la-casa-rural\/#primaryimage"},"image":{"@id":"https:\/\/www.casacalcalot.cat\/es\/el-reencuentro-en-la-casa-rural\/#primaryimage"},"thumbnailUrl":"https:\/\/www.casacalcalot.cat\/wp-content\/uploads\/2020\/09\/taula-parada.jpg","datePublished":"2020-09-24T14:13:10+00:00","dateModified":"2020-09-24T14:14:48+00:00","author":{"@id":"https:\/\/www.casacalcalot.cat\/#\/schema\/person\/a02fc4c795072c1ea1a1f7a7ac96e901"},"breadcrumb":{"@id":"https:\/\/www.casacalcalot.cat\/es\/el-reencuentro-en-la-casa-rural\/#breadcrumb"},"inLanguage":"es","potentialAction":[{"@type":"ReadAction","target":["https:\/\/www.casacalcalot.cat\/es\/el-reencuentro-en-la-casa-rural\/"]}]},{"@type":"ImageObject","inLanguage":"es","@id":"https:\/\/www.casacalcalot.cat\/es\/el-reencuentro-en-la-casa-rural\/#primaryimage","url":"https:\/\/www.casacalcalot.cat\/wp-content\/uploads\/2020\/09\/taula-parada.jpg","contentUrl":"https:\/\/www.casacalcalot.cat\/wp-content\/uploads\/2020\/09\/taula-parada.jpg","width":1920,"height":1080},{"@type":"BreadcrumbList","@id":"https:\/\/www.casacalcalot.cat\/es\/el-reencuentro-en-la-casa-rural\/#breadcrumb","itemListElement":[{"@type":"ListItem","position":1,"name":"Inici","item":"https:\/\/www.casacalcalot.cat\/es\/inicio\/"},{"@type":"ListItem","position":2,"name":"El reencuentro, en la casa rural."}]},{"@type":"WebSite","@id":"https:\/\/www.casacalcalot.cat\/#website","url":"https:\/\/www.casacalcalot.cat\/","name":"Casa Cal Calot","description":"Casa de turisme rural a Casserres (Bergued\u00e0)","potentialAction":[{"@type":"SearchAction","target":{"@type":"EntryPoint","urlTemplate":"https:\/\/www.casacalcalot.cat\/?s={search_term_string}"},"query-input":{"@type":"PropertyValueSpecification","valueRequired":true,"valueName":"search_term_string"}}],"inLanguage":"es"},{"@type":"Person","@id":"https:\/\/www.casacalcalot.cat\/#\/schema\/person\/a02fc4c795072c1ea1a1f7a7ac96e901","name":"gestor","image":{"@type":"ImageObject","inLanguage":"es","@id":"https:\/\/secure.gravatar.com\/avatar\/1bd3a6f44840c7f2534b4e51b7004edaf1098aef7b2bd20981712e3e8ae6eaf0?s=96&d=mm&r=g","url":"https:\/\/secure.gravatar.com\/avatar\/1bd3a6f44840c7f2534b4e51b7004edaf1098aef7b2bd20981712e3e8ae6eaf0?s=96&d=mm&r=g","contentUrl":"https:\/\/secure.gravatar.com\/avatar\/1bd3a6f44840c7f2534b4e51b7004edaf1098aef7b2bd20981712e3e8ae6eaf0?s=96&d=mm&r=g","caption":"gestor"},"url":"https:\/\/www.casacalcalot.cat\/es\/author\/gestor\/"}]}},"_links":{"self":[{"href":"https:\/\/www.casacalcalot.cat\/es\/wp-json\/wp\/v2\/posts\/3364","targetHints":{"allow":["GET"]}}],"collection":[{"href":"https:\/\/www.casacalcalot.cat\/es\/wp-json\/wp\/v2\/posts"}],"about":[{"href":"https:\/\/www.casacalcalot.cat\/es\/wp-json\/wp\/v2\/types\/post"}],"author":[{"embeddable":true,"href":"https:\/\/www.casacalcalot.cat\/es\/wp-json\/wp\/v2\/users\/4"}],"replies":[{"embeddable":true,"href":"https:\/\/www.casacalcalot.cat\/es\/wp-json\/wp\/v2\/comments?post=3364"}],"version-history":[{"count":3,"href":"https:\/\/www.casacalcalot.cat\/es\/wp-json\/wp\/v2\/posts\/3364\/revisions"}],"predecessor-version":[{"id":3367,"href":"https:\/\/www.casacalcalot.cat\/es\/wp-json\/wp\/v2\/posts\/3364\/revisions\/3367"}],"wp:featuredmedia":[{"embeddable":true,"href":"https:\/\/www.casacalcalot.cat\/es\/wp-json\/wp\/v2\/media\/3340"}],"wp:attachment":[{"href":"https:\/\/www.casacalcalot.cat\/es\/wp-json\/wp\/v2\/media?parent=3364"}],"wp:term":[{"taxonomy":"category","embeddable":true,"href":"https:\/\/www.casacalcalot.cat\/es\/wp-json\/wp\/v2\/categories?post=3364"},{"taxonomy":"post_tag","embeddable":true,"href":"https:\/\/www.casacalcalot.cat\/es\/wp-json\/wp\/v2\/tags?post=3364"}],"curies":[{"name":"wp","href":"https:\/\/api.w.org\/{rel}","templated":true}]}}